{"id":165,"date":"2025-10-16T08:14:07","date_gmt":"2025-10-16T08:14:07","guid":{"rendered":"https:\/\/www.praxis-hauer-schwarz.de\/?p=165"},"modified":"2025-10-16T08:14:07","modified_gmt":"2025-10-16T08:14:07","slug":"bei-symptomen","status":"publish","type":"post","link":"https:\/\/www.praxis-hauer-schwarz.de\/?p=165","title":{"rendered":"Bei Symptomen"},"content":{"rendered":"\n<p>Liebe Patient*innen, wenn Sie Husten, Schnupfen oder andere Symptome der Atemwege haben, tragen Sie in unserer Praxis bitte eine Maske. Sie sch\u00fctzen damit Ihre Mitmenschen vor Ansteckung.<\/p>\n\n\n\n<p>Vielen Dank f\u00fcr Ihr Verst\u00e4ndnis!<\/p>\n","protected":false},"excerpt":{"rendered":"<p>Liebe Patient*innen, wenn Sie Husten, Schnupfen oder andere Symptome der Atemwege haben, tragen Sie in unserer Praxis bitte eine Maske. Sie sch\u00fctzen damit Ihre Mitmenschen vor Ansteckung. Vielen Dank f\u00fcr Ihr Verst\u00e4ndnis!<\/p>\n","protected":false},"author":2,"featured_media":0,"comment_status":"closed","ping_status":"open","sticky":false,"template":"","format":"standard","meta":{"footnotes":""},"categories":[1],"tags":[],"class_list":["post-165","post","type-post","status-publish","format-standard","hentry","category-uncategorized"],"_links":{"self":[{"href":"https:\/\/www.praxis-hauer-schwarz.de\/index.php?rest_route=\/wp\/v2\/posts\/165","targetHints":{"allow":["GET"]}}],"collection":[{"href":"https:\/\/www.praxis-hauer-schwarz.de\/index.php?rest_route=\/wp\/v2\/posts"}],"about":[{"href":"https:\/\/www.praxis-hauer-schwarz.de\/index.php?rest_route=\/wp\/v2\/types\/post"}],"author":[{"embeddable":true,"href":"https:\/\/www.praxis-hauer-schwarz.de\/index.php?rest_route=\/wp\/v2\/users\/2"}],"replies":[{"embeddable":true,"href":"https:\/\/www.praxis-hauer-schwarz.de\/index.php?rest_route=%2Fwp%2Fv2%2Fcomments&post=165"}],"version-history":[{"count":1,"href":"https:\/\/www.praxis-hauer-schwarz.de\/index.php?rest_route=\/wp\/v2\/posts\/165\/revisions"}],"predecessor-version":[{"id":166,"href":"https:\/\/www.praxis-hauer-schwarz.de\/index.php?rest_route=\/wp\/v2\/posts\/165\/revisions\/166"}],"wp:attachment":[{"href":"https:\/\/www.praxis-hauer-schwarz.de\/index.php?rest_route=%2Fwp%2Fv2%2Fmedia&parent=165"}],"wp:term":[{"taxonomy":"category","embeddable":true,"href":"https:\/\/www.praxis-hauer-schwarz.de\/index.php?rest_route=%2Fwp%2Fv2%2Fcategories&post=165"},{"taxonomy":"post_tag","embeddable":true,"href":"https:\/\/www.praxis-hauer-schwarz.de\/index.php?rest_route=%2Fwp%2Fv2%2Ftags&post=165"}],"curies":[{"name":"wp","href":"https:\/\/api.w.org\/{rel}","templated":true}]}}